[{"@context":"https:\/\/schema.org\/","@type":"Article","@id":"https:\/\/www.ovesny.cz\/pre-kazdy-typ-interieru\/#Article","mainEntityOfPage":"https:\/\/www.ovesny.cz\/pre-kazdy-typ-interieru\/","headline":"Pre ka\u017ed\u00fd typ interi\u00e9ru","name":"Pre ka\u017ed\u00fd typ interi\u00e9ru","description":"M\u00e1te radi vidiecky \u0161t\u00fdl b\u00fdvania s mno\u017estvom dreven\u00e9ho n\u00e1bytku a doplnkov, ktor\u00e9 dotv\u00e1raj\u00fa \u00fatuln\u00fa a pr\u00edjemn\u00fa atmosf\u00e9ru domova, alebo rad\u0161ej ob\u013eubujete modern\u00fd minimalistick\u00fd \u0161t\u00fdl, zalo\u017een\u00fd na \u010dist\u00fdch l\u00edni\u00e1ch a farb\u00e1ch a jednoduchosti? Je absol\u00fatne jedno, ak\u00e9 b\u00fdvanie preferujete, \u010di b\u00fdvate v dome alebo v byte, preto\u017ee obrazy na pl\u00e1tne sa hodia absol\u00fatne do ka\u017ed\u00e9ho interi\u00e9ru, [&hellip;]","datePublished":"2024-12-01","dateModified":"2024-12-01","author":{"@type":"Person","@id":"https:\/\/www.ovesny.cz\/author\/#Person","name":"","url":"https:\/\/www.ovesny.cz\/author\/","identifier":1,"image":{"@type":"ImageObject","@id":"https:\/\/secure.gravatar.com\/avatar\/33549a3bd69022b5544ec751c6f690d75868252394a5ec007d9ed3f2c30f7874?s=96&d=mm&r=g","url":"https:\/\/secure.gravatar.com\/avatar\/33549a3bd69022b5544ec751c6f690d75868252394a5ec007d9ed3f2c30f7874?s=96&d=mm&r=g","height":96,"width":96}},"publisher":{"@type":"Organization","name":"ovesny.cz","logo":{"@type":"ImageObject","@id":"\/logo.png","url":"\/logo.png","width":600,"height":60}},"url":"https:\/\/www.ovesny.cz\/pre-kazdy-typ-interieru\/","wordCount":192,"articleBody":"M\u00e1te radi vidiecky \u0161t\u00fdl b\u00fdvania s mno\u017estvom dreven\u00e9ho n\u00e1bytku a doplnkov, ktor\u00e9 dotv\u00e1raj\u00fa \u00fatuln\u00fa a pr\u00edjemn\u00fa atmosf\u00e9ru domova, alebo rad\u0161ej ob\u013eubujete modern\u00fd minimalistick\u00fd \u0161t\u00fdl, zalo\u017een\u00fd na \u010dist\u00fdch l\u00edni\u00e1ch a farb\u00e1ch a jednoduchosti? Je absol\u00fatne jedno, ak\u00e9 b\u00fdvanie preferujete, \u010di b\u00fdvate v dome alebo v byte, preto\u017ee obrazy na pl\u00e1tne sa hodia absol\u00fatne do ka\u017ed\u00e9ho interi\u00e9ru, treba si len spr\u00e1vne vybra\u0165. S najr\u00f4znej\u0161\u00edmi mot\u00edvmi \u010ci u\u017e m\u00e1te radi pr\u00edrodn\u00e9 mot\u00edvy alebo modern\u00e9 stv\u00e1rnenia domin\u00e1nt ve\u013ekomiest, ur\u010dite si pr\u00eddete na svoje a budete si m\u00f4c\u0165 vybra\u0165 presne tak\u00fd mot\u00edv, ktor\u00fd sa v\u00e1m bude p\u00e1\u010di\u0165 a bude sa hodi\u0165 pr\u00e1ve do v\u00e1\u0161ho interi\u00e9ru. Ak ste romantick\u00fd typ, vyberte si pr\u00edjemn\u00e9 mot\u00edvy pr\u00edrody ako kvety, rieky \u010di z\u00e1pady slnka. Ak preferujete \u010daro ve\u013ekomiest, vysk\u00fa\u0161ajte napr\u00edklad mot\u00edv Eiffelovej ve\u017ee v Par\u00ed\u017ei a c\u00ed\u0165te sa st\u00e1le ako na dovolenke.                                                                                                                                                                                                                                                                                                                                                                                        5\/5 - (2 votes)        "},{"@context":"https:\/\/schema.org\/","@type":"BreadcrumbList","itemListElement":[{"@type":"ListItem","position":1,"name":"Pre ka\u017ed\u00fd typ interi\u00e9ru","item":"https:\/\/www.ovesny.cz\/pre-kazdy-typ-interieru\/#breadcrumbitem"}]}]