[{"@context":"https:\/\/schema.org\/","@type":"Article","@id":"https:\/\/www.ovesny.cz\/pujcovna-karavanu\/#Article","mainEntityOfPage":"https:\/\/www.ovesny.cz\/pujcovna-karavanu\/","headline":"P\u016fj\u010dovna karavan\u016f","name":"P\u016fj\u010dovna karavan\u016f","description":"Sny o nez\u00e1visl\u00e9 dovolen\u00e9, kde jste vy sami t\u00edm, kdo ur\u010duje, jak\u00e9 m\u00edsto nav\u0161t\u00edv\u00edte, jak dlouho tam pobudete a kdy zase vyraz\u00edte jinam, jdou splnit t\u00edm, \u017ee si na cesty vezmete obytn\u00fd v\u016fz a sob\u011b i svoj\u00ed rodin\u011b dop\u0159ejete komfort, kter\u00fd si zaslou\u017e\u00edte. P\u016fj\u010dovna karavan\u016f je tak m\u00edsto, kam se obra\u0165te, to ona v\u00e1m pom\u016f\u017ee [&hellip;]","datePublished":"2025-02-21","dateModified":"2025-02-21","author":{"@type":"Person","@id":"https:\/\/www.ovesny.cz\/author\/#Person","name":"","url":"https:\/\/www.ovesny.cz\/author\/","identifier":1,"image":{"@type":"ImageObject","@id":"https:\/\/secure.gravatar.com\/avatar\/33549a3bd69022b5544ec751c6f690d75868252394a5ec007d9ed3f2c30f7874?s=96&d=mm&r=g","url":"https:\/\/secure.gravatar.com\/avatar\/33549a3bd69022b5544ec751c6f690d75868252394a5ec007d9ed3f2c30f7874?s=96&d=mm&r=g","height":96,"width":96}},"publisher":{"@type":"Organization","name":"ovesny.cz","logo":{"@type":"ImageObject","@id":"\/logo.png","url":"\/logo.png","width":600,"height":60}},"url":"https:\/\/www.ovesny.cz\/pujcovna-karavanu\/","wordCount":228,"articleBody":"Sny o nez\u00e1visl\u00e9 dovolen\u00e9, kde jste vy sami t\u00edm, kdo ur\u010duje, jak\u00e9 m\u00edsto nav\u0161t\u00edv\u00edte, jak dlouho tam pobudete a kdy zase vyraz\u00edte jinam, jdou splnit t\u00edm, \u017ee si na cesty vezmete obytn\u00fd v\u016fz a sob\u011b i svoj\u00ed rodin\u011b dop\u0159ejete komfort, kter\u00fd si zaslou\u017e\u00edte. P\u016fj\u010dovna karavan\u016f je tak m\u00edsto, kam se obra\u0165te, to ona v\u00e1m pom\u016f\u017ee se spln\u011bn\u00edm va\u0161ich p\u0159edstav.M\u00e1 v nab\u00eddce n\u011bkolik typ\u016f obytn\u00fdch voz\u016f. Ka\u017ed\u00fd z nich v\u00e1m pln\u011b poskytne komfort a z\u00e1zem\u00ed, jako byste m\u011bli na cest\u00e1ch sv\u016fj vlastn\u00ed d\u016fm. Nemus\u00edte \u0159e\u0161it po\u010das\u00ed, proto\u017ee budete v teple a suchu. P\u016fj\u010dovna karavan\u016f po v\u00e1s nebude cht\u00edt v\u00edc, ne\u017e slo\u017een\u00ed z\u00e1lohy pro z\u00e1vaznou rezervaci vozu, v\u00fdb\u011br n\u011bkter\u00e9ho z nab\u00edzen\u00fdch karavan\u016f a n\u00e1sledn\u011b dojde jen k administrativn\u00edm z\u00e1le\u017eitostem a v ur\u010den\u00fd den odj\u00ed\u017ed\u00edte se svoj\u00ed rodinou tam, kam jste se rozhodli.Prom\u011b\u0148te sny o va\u0161\u00ed dovolen\u00e9 ve skute\u010dnost!Na\u0161e p\u016fj\u010dovna karavan\u016f v\u00e1m v tom r\u00e1da pom\u016f\u017ee. Obra\u0165te se na n\u00e1s a spole\u010dn\u011b zajist\u00edme v\u0161e pot\u0159ebn\u00e9.                                                                                                                                                                                                                                                                                                                                                                                        5\/5 - (1 vote)        "},{"@context":"https:\/\/schema.org\/","@type":"BreadcrumbList","itemListElement":[{"@type":"ListItem","position":1,"name":"P\u016fj\u010dovna karavan\u016f","item":"https:\/\/www.ovesny.cz\/pujcovna-karavanu\/#breadcrumbitem"}]}]