[{"@context":"https:\/\/schema.org\/","@type":"Article","@id":"https:\/\/www.ovesny.cz\/radi-vam-pomuzeme-s-vyberem\/#Article","mainEntityOfPage":"https:\/\/www.ovesny.cz\/radi-vam-pomuzeme-s-vyberem\/","headline":"R\u00e1di v\u00e1m pom\u016f\u017eeme s v\u00fdb\u011brem","name":"R\u00e1di v\u00e1m pom\u016f\u017eeme s v\u00fdb\u011brem","description":"Do va\u0161\u00ed skv\u011bl\u00e9 novostavby, va\u0161eho vysn\u011bn\u00e9ho dome\u010dku si po\u0159izujete jen to nejlep\u0161\u00ed. V\u0161e pe\u010dliv\u011b vyb\u00edr\u00e1te, abyste neud\u011blali krok vedle. Podnik\u00e1te d\u016fle\u017eit\u00e1 rozhodnut\u00ed. Nyn\u00ed je na \u0159ad\u011b kuchyn\u011b, m\u00edstnost, kde tr\u00e1v\u00edte spousty \u010dasu. M\u00edstnost, kde d\u00e1v\u00e1te vzniknout dobrot\u00e1m a v\u0161emo\u017en\u00fdm lah\u016fdk\u00e1m pro va\u0161e nejbli\u017e\u0161\u00ed nebo t\u0159eba jen chyst\u00e1te oby\u010dejn\u00e9 \u0161koln\u00ed sva\u010dinky pro sv\u00e9 mil\u00e1\u010dky. Je to [&hellip;]","datePublished":"2024-12-24","dateModified":"2024-12-24","author":{"@type":"Person","@id":"https:\/\/www.ovesny.cz\/author\/#Person","name":"","url":"https:\/\/www.ovesny.cz\/author\/","identifier":1,"image":{"@type":"ImageObject","@id":"https:\/\/secure.gravatar.com\/avatar\/33549a3bd69022b5544ec751c6f690d75868252394a5ec007d9ed3f2c30f7874?s=96&d=mm&r=g","url":"https:\/\/secure.gravatar.com\/avatar\/33549a3bd69022b5544ec751c6f690d75868252394a5ec007d9ed3f2c30f7874?s=96&d=mm&r=g","height":96,"width":96}},"publisher":{"@type":"Organization","name":"ovesny.cz","logo":{"@type":"ImageObject","@id":"\/logo.png","url":"\/logo.png","width":600,"height":60}},"url":"https:\/\/www.ovesny.cz\/radi-vam-pomuzeme-s-vyberem\/","wordCount":179,"articleBody":"Do va\u0161\u00ed skv\u011bl\u00e9 novostavby, va\u0161eho vysn\u011bn\u00e9ho dome\u010dku si po\u0159izujete jen to nejlep\u0161\u00ed. V\u0161e pe\u010dliv\u011b vyb\u00edr\u00e1te, abyste neud\u011blali krok vedle. Podnik\u00e1te d\u016fle\u017eit\u00e1 rozhodnut\u00ed. Nyn\u00ed je na \u0159ad\u011b kuchyn\u011b, m\u00edstnost, kde tr\u00e1v\u00edte spousty \u010dasu. M\u00edstnost, kde d\u00e1v\u00e1te vzniknout dobrot\u00e1m a v\u0161emo\u017en\u00fdm lah\u016fdk\u00e1m pro va\u0161e nejbli\u017e\u0161\u00ed nebo t\u0159eba jen chyst\u00e1te oby\u010dejn\u00e9 \u0161koln\u00ed sva\u010dinky pro sv\u00e9 mil\u00e1\u010dky. Je to tak d\u016fle\u017eit\u00e9 Spr\u00e1vn\u00fdm v\u00fdb\u011brem kuchy\u0148sk\u00fdch dv\u00ed\u0159ek na na\u0161ich internetov\u00fdch str\u00e1nk\u00e1ch si uleh\u010d\u00edte spoustu pr\u00e1ce a z\u00e1rove\u0148 si ud\u011bl\u00e1te neskute\u010dnou radost. Je to proto, \u017ee jsme schopni v\u00e1m nab\u00eddnout \u0161irokou \u0161k\u00e1lu barev, vzor\u016f a proveden\u00ed. V klidu se usa\u010fte, vydechn\u011bte a poj\u010fte si prolistovat n\u00e1\u0161 obs\u00e1hl\u00fd katalog, kde z\u00edsk\u00e1te spoustu inspirace a najdete to prav\u00e9 o\u0159echov\u00e9 pro v\u00e1\u0161 d\u016fm \u2013 v\u00e1\u0161 hrad.                                                                                                                                                                                                                                                                                                                                                                                        3.7\/5 - (4 votes)        "},{"@context":"https:\/\/schema.org\/","@type":"BreadcrumbList","itemListElement":[{"@type":"ListItem","position":1,"name":"R\u00e1di v\u00e1m pom\u016f\u017eeme s v\u00fdb\u011brem","item":"https:\/\/www.ovesny.cz\/radi-vam-pomuzeme-s-vyberem\/#breadcrumbitem"}]}]